{"id":6282,"date":"2026-03-28T06:33:03","date_gmt":"2026-03-28T06:33:03","guid":{"rendered":"https:\/\/zsjawornik.pl\/?p=6282"},"modified":"2026-03-28T06:33:04","modified_gmt":"2026-03-28T06:33:04","slug":"mlodziezowy-sejmik","status":"publish","type":"post","link":"https:\/\/zsjawornik.pl\/index.php\/2026\/03\/28\/mlodziezowy-sejmik\/","title":{"rendered":"M\u0141ODZIE\u017bOWY SEJMIK"},"content":{"rendered":"\n<p style=\"font-size:20px\">W dniu 26.03.2026r. uczniowie naszej szko\u0142y mieli zaszczyt uczestniczy\u0107 w VII sesji III kadencji M\u0142odzie\u017cowego Sejmiku Wojew\u00f3dztwa Podkarpackiego, kt\u00f3ra odby\u0142a si\u0119 w Rzeszowie. Wydarzenie zgromadzi\u0142o m\u0142odych przedstawicieli z ca\u0142ego regionu, aktywnie zaanga\u017cowanych w \u017cycie spo\u0142eczne i obywatelskie.<br>Podczas sesji omawiano istotne tematy dotycz\u0105ce m\u0142odzie\u017cy, takie jak \u00a0programy wsparcia \u00a0dla m\u0142odych os\u00f3b w kontek\u015bcie zapobiegania wzrostowi bezrobocia, wspierania m\u0142odzie\u017cy uzdolnionej Nie zgubi\u0107 talent\u00f3w oraz rozw\u00f3j pasji, wsparcie inicjatyw lokalnych oraz aktywno\u015b\u0107 obywatelska m\u0142odych ludzi. Uczniowie mieli okazj\u0119 przys\u0142uchiwa\u0107 si\u0119 obradom, bra\u0107 udzia\u0142 w dyskusjach oraz obserwowa\u0107 proces podejmowania decyzji na poziomie regionalnym.<br>Udzia\u0142 w wydarzeniu by\u0142 dla naszej m\u0142odzie\u017cy cennym do\u015bwiadczeniem, kt\u00f3re pozwoli\u0142o lepiej zrozumie\u0107 mechanizmy funkcjonowania samorz\u0105du oraz znaczenie zaanga\u017cowania spo\u0142ecznego. Spotkanie stanowi\u0142o r\u00f3wnie\u017c inspiracj\u0119 do podejmowania w\u0142asnych inicjatyw i aktywnego uczestnictwa w \u017cyciu publicznym.<br>Serdecznie dzi\u0119kujemy organizatorom za mo\u017cliwo\u015b\u0107 udzia\u0142u w tym wa\u017cnym wydarzeniu oraz za stworzenie przestrzeni do dialogu i wymiany do\u015bwiadcze\u0144 dla m\u0142odego pokolenia.<\/p>\n\n\n\nngg_shortcode_0_placeholder\n","protected":false},"excerpt":{"rendered":"<p>W dniu 26.03.2026r. uczniowie naszej szko\u0142y mieli zaszczyt uczestniczy\u0107 w VII sesji III kadencji M\u0142odzie\u017cowego Sejmiku Wojew\u00f3dztwa Podkarpackiego, kt\u00f3ra odby\u0142a si\u0119 w Rzeszowie. Wydarzenie zgromadzi\u0142o m\u0142odych przedstawicieli z ca\u0142ego regionu, aktywnie zaanga\u017cowanych w \u017cycie spo\u0142eczne i obywatelskie.Podczas sesji omawiano istotne tematy dotycz\u0105ce m\u0142odzie\u017cy, takie jak \u00a0programy wsparcia \u00a0dla m\u0142odych os\u00f3b w kontek\u015bcie zapobiegania wzrostowi bezrobocia, [&hellip;]<\/p>\n","protected":false},"author":1,"featured_media":0,"comment_status":"open","ping_status":"open","sticky":false,"template":"","format":"standard","meta":{"ngg_post_thumbnail":0,"footnotes":""},"categories":[37,44],"tags":[],"class_list":["post-6282","post","type-post","status-publish","format-standard","hentry","category-aktualnosci","category-rok-szkolny-2025-2026","clearfix"],"_links":{"self":[{"href":"https:\/\/zsjawornik.pl\/index.php\/wp-json\/wp\/v2\/posts\/6282","targetHints":{"allow":["GET"]}}],"collection":[{"href":"https:\/\/zsjawornik.pl\/index.php\/wp-json\/wp\/v2\/posts"}],"about":[{"href":"https:\/\/zsjawornik.pl\/index.php\/wp-json\/wp\/v2\/types\/post"}],"author":[{"embeddable":true,"href":"https:\/\/zsjawornik.pl\/index.php\/wp-json\/wp\/v2\/users\/1"}],"replies":[{"embeddable":true,"href":"https:\/\/zsjawornik.pl\/index.php\/wp-json\/wp\/v2\/comments?post=6282"}],"version-history":[{"count":1,"href":"https:\/\/zsjawornik.pl\/index.php\/wp-json\/wp\/v2\/posts\/6282\/revisions"}],"predecessor-version":[{"id":6283,"href":"https:\/\/zsjawornik.pl\/index.php\/wp-json\/wp\/v2\/posts\/6282\/revisions\/6283"}],"wp:attachment":[{"href":"https:\/\/zsjawornik.pl\/index.php\/wp-json\/wp\/v2\/media?parent=6282"}],"wp:term":[{"taxonomy":"category","embeddable":true,"href":"https:\/\/zsjawornik.pl\/index.php\/wp-json\/wp\/v2\/categories?post=6282"},{"taxonomy":"post_tag","embeddable":true,"href":"https:\/\/zsjawornik.pl\/index.php\/wp-json\/wp\/v2\/tags?post=6282"}],"curies":[{"name":"wp","href":"https:\/\/api.w.org\/{rel}","templated":true}]}}