{"id":3380,"date":"2022-11-11T08:55:01","date_gmt":"2022-11-11T08:55:01","guid":{"rendered":"https:\/\/zsjawornik.pl\/?p=3380"},"modified":"2022-11-11T08:55:04","modified_gmt":"2022-11-11T08:55:04","slug":"11-listopada-narodowe-swieto-niepodleglosci","status":"publish","type":"post","link":"https:\/\/zsjawornik.pl\/index.php\/2022\/11\/11\/11-listopada-narodowe-swieto-niepodleglosci\/","title":{"rendered":"11 LISTOPADA NARODOWE \u015aWI\u0118TO NIEPODLEG\u0141O\u015aCI"},"content":{"rendered":"\n<p class=\"has-medium-font-size\">11 listopada to data szczeg\u00f3lnie bliska sercom wielu Polak\u00f3w, to \u015bwi\u0119to ca\u0142ego narodu polskiego, kt\u00f3ry czci pami\u0119\u0107 i oddaje ho\u0142d tym, kt\u00f3rzy w wielkim trudzie i po\u015bwi\u0119ceniu wywalczyli nam przed laty wymarzon\u0105 i upragnion\u0105 niepodleg\u0142o\u015b\u0107. Rocznica odzyskania przez Polsk\u0119 niepodleg\u0142o\u015bci, a wraz z ni\u0105 uroczyste \u015bwi\u0119towanie tego wielkiego wydarzenia, na sta\u0142e wpisa\u0142a si\u0119 w kalendarz szkolnych uroczysto\u015bci. Tak\u017ce i w naszej szkole 10 listopada 2022 r. odby\u0142a si\u0119 z tej okazji&nbsp; akademia. Cz\u0119\u015b\u0107 artystyczna wprowadzi\u0142a&nbsp; zgromadzonych&nbsp; w atmosfer\u0119 wydarze\u0144 poprzedzaj\u0105cych dat\u0119 11 listopada 1918 roku. Uczniowie wykonali pie\u015bni patriotyczne oraz wiersze, kt\u00f3re nawi\u0105zywa\u0142y do tematyki niepodleg\u0142o\u015bciowej.<\/p>\n\n\n\n<p class=\"has-medium-font-size\">W akademii udzia\u0142 wzi\u0119li uczniowie klas II-VIII. Ca\u0142o\u015b\u0107 przygotowali pan S. Hop, pani M. Pi\u0105tek, pani A. Warcho\u0142-Suberlak, pani P. Gwizda\u0142a.<\/p>\n\n\n\nngg_shortcode_0_placeholder\n","protected":false},"excerpt":{"rendered":"<p>11 listopada to data szczeg\u00f3lnie bliska sercom wielu Polak\u00f3w, to \u015bwi\u0119to ca\u0142ego narodu polskiego, kt\u00f3ry czci pami\u0119\u0107 i oddaje ho\u0142d tym, kt\u00f3rzy w wielkim trudzie i po\u015bwi\u0119ceniu wywalczyli nam przed laty wymarzon\u0105 i upragnion\u0105 niepodleg\u0142o\u015b\u0107. Rocznica odzyskania przez Polsk\u0119 niepodleg\u0142o\u015bci, a wraz z ni\u0105 uroczyste \u015bwi\u0119towanie tego wielkiego wydarzenia, na sta\u0142e wpisa\u0142a si\u0119 w kalendarz [&hellip;]<\/p>\n","protected":false},"author":1,"featured_media":0,"comment_status":"open","ping_status":"open","sticky":false,"template":"","format":"standard","meta":{"ngg_post_thumbnail":0,"footnotes":""},"categories":[37,40],"tags":[],"class_list":["post-3380","post","type-post","status-publish","format-standard","hentry","category-aktualnosci","category-rok-szkolny-2022-2023","clearfix"],"_links":{"self":[{"href":"https:\/\/zsjawornik.pl\/index.php\/wp-json\/wp\/v2\/posts\/3380","targetHints":{"allow":["GET"]}}],"collection":[{"href":"https:\/\/zsjawornik.pl\/index.php\/wp-json\/wp\/v2\/posts"}],"about":[{"href":"https:\/\/zsjawornik.pl\/index.php\/wp-json\/wp\/v2\/types\/post"}],"author":[{"embeddable":true,"href":"https:\/\/zsjawornik.pl\/index.php\/wp-json\/wp\/v2\/users\/1"}],"replies":[{"embeddable":true,"href":"https:\/\/zsjawornik.pl\/index.php\/wp-json\/wp\/v2\/comments?post=3380"}],"version-history":[{"count":1,"href":"https:\/\/zsjawornik.pl\/index.php\/wp-json\/wp\/v2\/posts\/3380\/revisions"}],"predecessor-version":[{"id":3381,"href":"https:\/\/zsjawornik.pl\/index.php\/wp-json\/wp\/v2\/posts\/3380\/revisions\/3381"}],"wp:attachment":[{"href":"https:\/\/zsjawornik.pl\/index.php\/wp-json\/wp\/v2\/media?parent=3380"}],"wp:term":[{"taxonomy":"category","embeddable":true,"href":"https:\/\/zsjawornik.pl\/index.php\/wp-json\/wp\/v2\/categories?post=3380"},{"taxonomy":"post_tag","embeddable":true,"href":"https:\/\/zsjawornik.pl\/index.php\/wp-json\/wp\/v2\/tags?post=3380"}],"curies":[{"name":"wp","href":"https:\/\/api.w.org\/{rel}","templated":true}]}}